{"id":1870,"date":"2021-10-08T12:44:33","date_gmt":"2021-10-08T12:44:33","guid":{"rendered":"https:\/\/diadecampo.titanlat.com\/?p=1525"},"modified":"2022-09-06T14:25:24","modified_gmt":"2022-09-06T14:25:24","slug":"dia-do-nordestino-parabens-a-um-povo-marcado-pela-vontade-de-vencer","status":"publish","type":"post","link":"https:\/\/www.titanlat.com\/site\/dia-do-nordestino-parabens-a-um-povo-marcado-pela-vontade-de-vencer\/","title":{"rendered":"Dia do Nordestino: parab\u00e9ns a um povo marcado pela vontade de vencer!"},"content":{"rendered":"\t\t<div data-elementor-type=\"wp-post\" data-elementor-id=\"1870\" class=\"elementor elementor-1870\" data-elementor-post-type=\"post\">\n\t\t\t\t\t\t<section class=\"elementor-section elementor-top-section elementor-element elementor-element-df96742 elementor-section-boxed elementor-section-height-default elementor-section-height-default parallax_section_no qode_elementor_container_no\" data-id=\"df96742\" data-element_type=\"section\" data-e-type=\"section\">\n\t\t\t\t\t\t<div class=\"elementor-container elementor-column-gap-default\">\n\t\t\t\t\t<div class=\"elementor-column elementor-col-100 elementor-top-column elementor-element elementor-element-a517995\" data-id=\"a517995\" data-element_type=\"column\" data-e-type=\"column\">\n\t\t\t<div class=\"elementor-widget-wrap elementor-element-populated\">\n\t\t\t\t\t\t<div class=\"elementor-element elementor-element-732be81 elementor-drop-cap-yes elementor-drop-cap-view-default elementor-widget elementor-widget-text-editor\" data-id=\"732be81\" data-element_type=\"widget\" data-e-type=\"widget\" data-settings=\"{&quot;drop_cap&quot;:&quot;yes&quot;}\" data-widget_type=\"text-editor.default\">\n\t\t\t\t<div class=\"elementor-widget-container\">\n\t\t\t\t\t\t\t\t\t<p>\u00c9 o momento de homenagear um povo humilde, trabalhador e que, acima de tudo, tem muita vontade de vencer. \u00c9 alegre e vive com um sorriso estampado no rosto. \u00c9 hospitaleiro. Representa a fibra de um povo persistente e batalhador em todos os sentidos. Hoje, 8 de outubro, \u00e9 o Dia do Nordestino.<\/p><p>\u00c9 o dia daquele cidad\u00e3o que tem uma import\u00e2ncia significativa para o nosso pa\u00eds. Em todas as \u00e1reas. Da deliciosa culin\u00e1ria \u00e0 m\u00fasica. Das artes c\u00eanicas \u00e0 literatura. Voc\u00eas est\u00e3o presentes em todos os lugares, sempre com alegria e com aquela forte identidade que ajudam a construir um Brasil lindo em todos os sentidos.<br \/><br \/>Voc\u00ea, nordestino, contribuiu (e ainda contribui imensamente) para o fortalecimento do agroneg\u00f3cio nacional. Coloca, literalmente, a m\u00e3o na massa para que tudo d\u00ea certo. Percebeu como voc\u00ea \u00e9 importante? Por isso, hoje \u00e9 dia de celebrar essa data como muito orgulho. Feliz, Dia do Nordestino!<\/p>\t\t\t\t\t\t\t\t<\/div>\n\t\t\t\t<\/div>\n\t\t\t\t\t<\/div>\n\t\t<\/div>\n\t\t\t\t\t<\/div>\n\t\t<\/section>\n\t\t\t\t<\/div>\n\t\t","protected":false},"excerpt":{"rendered":"<p>\u00c9 o momento de homenagear um povo humilde, trabalhador e que, acima de tudo, tem muita vontade de vencer. \u00c9 alegre e vive com um sorriso estampado no rosto. \u00c9 hospitaleiro. Representa a fibra de um povo persistente e batalhador em todos os sentidos. Hoje,&#8230;<\/p>\n","protected":false},"author":1,"featured_media":1903,"comment_status":"open","ping_status":"open","sticky":false,"template":"elementor_theme","format":"standard","meta":{"_acf_changed":false,"footnotes":""},"categories":[206],"tags":[186,187,188,189,79],"class_list":["post-1870","post","type-post","status-publish","format-standard","has-post-thumbnail","hentry","category-institucional","tag-boiada","tag-chapeu-de-couro","tag-dia-nacional-do-nordestino","tag-nordeste","tag-pneus-titan"],"acf":[],"yoast_head":"<!-- This site is optimized with the Yoast SEO plugin v27.4 - https:\/\/yoast.com\/product\/yoast-seo-wordpress\/ -->\n<title>Dia do Nordestino: parab\u00e9ns a um povo marcado pela vontade de vencer! - Titan<\/title>\n<meta name=\"robots\" content=\"index, follow, max-snippet:-1, max-image-preview:large, max-video-preview:-1\" \/>\n<link rel=\"canonical\" href=\"https:\/\/www.titanlat.com\/site\/dia-do-nordestino-parabens-a-um-povo-marcado-pela-vontade-de-vencer\/\" \/>\n<meta property=\"og:locale\" content=\"pt_BR\" \/>\n<meta property=\"og:type\" content=\"article\" \/>\n<meta property=\"og:title\" content=\"Dia do Nordestino: parab\u00e9ns a um povo marcado pela vontade de vencer! - Titan\" \/>\n<meta property=\"og:description\" content=\"\u00c9 o momento de homenagear um povo humilde, trabalhador e que, acima de tudo, tem muita vontade de vencer. \u00c9 alegre e vive com um sorriso estampado no rosto. \u00c9 hospitaleiro. Representa a fibra de um povo persistente e batalhador em todos os sentidos. Hoje,...\" \/>\n<meta property=\"og:url\" content=\"https:\/\/www.titanlat.com\/site\/dia-do-nordestino-parabens-a-um-povo-marcado-pela-vontade-de-vencer\/\" \/>\n<meta property=\"og:site_name\" content=\"Titan\" \/>\n<meta property=\"article:published_time\" content=\"2021-10-08T12:44:33+00:00\" \/>\n<meta property=\"article:modified_time\" content=\"2022-09-06T14:25:24+00:00\" \/>\n<meta property=\"og:image\" content=\"https:\/\/www.titanlat.com\/site\/wp-content\/uploads\/2021\/10\/8-de-outubro-1.png\" \/>\n\t<meta property=\"og:image:width\" content=\"1200\" \/>\n\t<meta property=\"og:image:height\" content=\"480\" \/>\n\t<meta property=\"og:image:type\" content=\"image\/png\" \/>\n<meta name=\"author\" content=\"asdYShew2232ys@askd\" \/>\n<meta name=\"twitter:card\" content=\"summary_large_image\" \/>\n<meta name=\"twitter:label1\" content=\"Escrito por\" \/>\n\t<meta name=\"twitter:data1\" content=\"asdYShew2232ys@askd\" \/>\n\t<meta name=\"twitter:label2\" content=\"Est. tempo de leitura\" \/>\n\t<meta name=\"twitter:data2\" content=\"1 minuto\" \/>\n<script type=\"application\/ld+json\" class=\"yoast-schema-graph\">{\"@context\":\"https:\\\/\\\/schema.org\",\"@graph\":[{\"@type\":\"Article\",\"@id\":\"https:\\\/\\\/www.titanlat.com\\\/site\\\/dia-do-nordestino-parabens-a-um-povo-marcado-pela-vontade-de-vencer\\\/#article\",\"isPartOf\":{\"@id\":\"https:\\\/\\\/www.titanlat.com\\\/site\\\/dia-do-nordestino-parabens-a-um-povo-marcado-pela-vontade-de-vencer\\\/\"},\"author\":{\"name\":\"asdYShew2232ys@askd\",\"@id\":\"https:\\\/\\\/www.titanlat.com\\\/site\\\/#\\\/schema\\\/person\\\/93f99b5ce16632543226c85d433862fc\"},\"headline\":\"Dia do Nordestino: parab\u00e9ns a um povo marcado pela vontade de vencer!\",\"datePublished\":\"2021-10-08T12:44:33+00:00\",\"dateModified\":\"2022-09-06T14:25:24+00:00\",\"mainEntityOfPage\":{\"@id\":\"https:\\\/\\\/www.titanlat.com\\\/site\\\/dia-do-nordestino-parabens-a-um-povo-marcado-pela-vontade-de-vencer\\\/\"},\"wordCount\":165,\"commentCount\":0,\"publisher\":{\"@id\":\"https:\\\/\\\/www.titanlat.com\\\/site\\\/#organization\"},\"image\":{\"@id\":\"https:\\\/\\\/www.titanlat.com\\\/site\\\/dia-do-nordestino-parabens-a-um-povo-marcado-pela-vontade-de-vencer\\\/#primaryimage\"},\"thumbnailUrl\":\"https:\\\/\\\/www.titanlat.com\\\/site\\\/wp-content\\\/uploads\\\/2021\\\/10\\\/8-de-outubro-1.png\",\"keywords\":[\"Boiada\",\"Chap\u00e9u de couro\",\"Dia nacional do Nordestino\",\"Nordeste\",\"Pneus Titan\"],\"articleSection\":[\"Institucional\"],\"inLanguage\":\"pt-BR\",\"potentialAction\":[{\"@type\":\"CommentAction\",\"name\":\"Comment\",\"target\":[\"https:\\\/\\\/www.titanlat.com\\\/site\\\/dia-do-nordestino-parabens-a-um-povo-marcado-pela-vontade-de-vencer\\\/#respond\"]}]},{\"@type\":\"WebPage\",\"@id\":\"https:\\\/\\\/www.titanlat.com\\\/site\\\/dia-do-nordestino-parabens-a-um-povo-marcado-pela-vontade-de-vencer\\\/\",\"url\":\"https:\\\/\\\/www.titanlat.com\\\/site\\\/dia-do-nordestino-parabens-a-um-povo-marcado-pela-vontade-de-vencer\\\/\",\"name\":\"Dia do Nordestino: parab\u00e9ns a um povo marcado pela vontade de vencer! - Titan\",\"isPartOf\":{\"@id\":\"https:\\\/\\\/www.titanlat.com\\\/site\\\/#website\"},\"primaryImageOfPage\":{\"@id\":\"https:\\\/\\\/www.titanlat.com\\\/site\\\/dia-do-nordestino-parabens-a-um-povo-marcado-pela-vontade-de-vencer\\\/#primaryimage\"},\"image\":{\"@id\":\"https:\\\/\\\/www.titanlat.com\\\/site\\\/dia-do-nordestino-parabens-a-um-povo-marcado-pela-vontade-de-vencer\\\/#primaryimage\"},\"thumbnailUrl\":\"https:\\\/\\\/www.titanlat.com\\\/site\\\/wp-content\\\/uploads\\\/2021\\\/10\\\/8-de-outubro-1.png\",\"datePublished\":\"2021-10-08T12:44:33+00:00\",\"dateModified\":\"2022-09-06T14:25:24+00:00\",\"breadcrumb\":{\"@id\":\"https:\\\/\\\/www.titanlat.com\\\/site\\\/dia-do-nordestino-parabens-a-um-povo-marcado-pela-vontade-de-vencer\\\/#breadcrumb\"},\"inLanguage\":\"pt-BR\",\"potentialAction\":[{\"@type\":\"ReadAction\",\"target\":[\"https:\\\/\\\/www.titanlat.com\\\/site\\\/dia-do-nordestino-parabens-a-um-povo-marcado-pela-vontade-de-vencer\\\/\"]}]},{\"@type\":\"ImageObject\",\"inLanguage\":\"pt-BR\",\"@id\":\"https:\\\/\\\/www.titanlat.com\\\/site\\\/dia-do-nordestino-parabens-a-um-povo-marcado-pela-vontade-de-vencer\\\/#primaryimage\",\"url\":\"https:\\\/\\\/www.titanlat.com\\\/site\\\/wp-content\\\/uploads\\\/2021\\\/10\\\/8-de-outubro-1.png\",\"contentUrl\":\"https:\\\/\\\/www.titanlat.com\\\/site\\\/wp-content\\\/uploads\\\/2021\\\/10\\\/8-de-outubro-1.png\",\"width\":1200,\"height\":480},{\"@type\":\"BreadcrumbList\",\"@id\":\"https:\\\/\\\/www.titanlat.com\\\/site\\\/dia-do-nordestino-parabens-a-um-povo-marcado-pela-vontade-de-vencer\\\/#breadcrumb\",\"itemListElement\":[{\"@type\":\"ListItem\",\"position\":1,\"name\":\"In\u00edcio\",\"item\":\"https:\\\/\\\/www.titanlat.com\\\/site\\\/\"},{\"@type\":\"ListItem\",\"position\":2,\"name\":\"Dia do Nordestino: parab\u00e9ns a um povo marcado pela vontade de vencer!\"}]},{\"@type\":\"WebSite\",\"@id\":\"https:\\\/\\\/www.titanlat.com\\\/site\\\/#website\",\"url\":\"https:\\\/\\\/www.titanlat.com\\\/site\\\/\",\"name\":\"Titan\",\"description\":\"Site\",\"publisher\":{\"@id\":\"https:\\\/\\\/www.titanlat.com\\\/site\\\/#organization\"},\"potentialAction\":[{\"@type\":\"SearchAction\",\"target\":{\"@type\":\"EntryPoint\",\"urlTemplate\":\"https:\\\/\\\/www.titanlat.com\\\/site\\\/?s={search_term_string}\"},\"query-input\":{\"@type\":\"PropertyValueSpecification\",\"valueRequired\":true,\"valueName\":\"search_term_string\"}}],\"inLanguage\":\"pt-BR\"},{\"@type\":\"Organization\",\"@id\":\"https:\\\/\\\/www.titanlat.com\\\/site\\\/#organization\",\"name\":\"Titan\",\"url\":\"https:\\\/\\\/www.titanlat.com\\\/site\\\/\",\"logo\":{\"@type\":\"ImageObject\",\"inLanguage\":\"pt-BR\",\"@id\":\"https:\\\/\\\/www.titanlat.com\\\/site\\\/#\\\/schema\\\/logo\\\/image\\\/\",\"url\":\"https:\\\/\\\/www.titanlat.com\\\/site\\\/wp-content\\\/uploads\\\/2022\\\/03\\\/Logo_Titan.png\",\"contentUrl\":\"https:\\\/\\\/www.titanlat.com\\\/site\\\/wp-content\\\/uploads\\\/2022\\\/03\\\/Logo_Titan.png\",\"width\":246,\"height\":59,\"caption\":\"Titan\"},\"image\":{\"@id\":\"https:\\\/\\\/www.titanlat.com\\\/site\\\/#\\\/schema\\\/logo\\\/image\\\/\"},\"sameAs\":[\"https:\\\/\\\/www.instagram.com\\\/titanpneus\\\/\",\"https:\\\/\\\/www.linkedin.com\\\/company\\\/titanpneus\\\/\"]},{\"@type\":\"Person\",\"@id\":\"https:\\\/\\\/www.titanlat.com\\\/site\\\/#\\\/schema\\\/person\\\/93f99b5ce16632543226c85d433862fc\",\"name\":\"asdYShew2232ys@askd\",\"image\":{\"@type\":\"ImageObject\",\"inLanguage\":\"pt-BR\",\"@id\":\"https:\\\/\\\/secure.gravatar.com\\\/avatar\\\/f3129b516c8c0653bb6ac44520f0266c4d16d1fb0c1e88e9253c3b783725993c?s=96&d=mm&r=g\",\"url\":\"https:\\\/\\\/secure.gravatar.com\\\/avatar\\\/f3129b516c8c0653bb6ac44520f0266c4d16d1fb0c1e88e9253c3b783725993c?s=96&d=mm&r=g\",\"contentUrl\":\"https:\\\/\\\/secure.gravatar.com\\\/avatar\\\/f3129b516c8c0653bb6ac44520f0266c4d16d1fb0c1e88e9253c3b783725993c?s=96&d=mm&r=g\",\"caption\":\"asdYShew2232ys@askd\"},\"sameAs\":[\"https:\\\/\\\/www.titanlat.com\\\/site\"],\"url\":\"https:\\\/\\\/www.titanlat.com\\\/site\\\/author\\\/asdyshew2232ysaskd\\\/\"}]}<\/script>\n<!-- \/ Yoast SEO plugin. -->","yoast_head_json":{"title":"Dia do Nordestino: parab\u00e9ns a um povo marcado pela vontade de vencer! - Titan","robots":{"index":"index","follow":"follow","max-snippet":"max-snippet:-1","max-image-preview":"max-image-preview:large","max-video-preview":"max-video-preview:-1"},"canonical":"https:\/\/www.titanlat.com\/site\/dia-do-nordestino-parabens-a-um-povo-marcado-pela-vontade-de-vencer\/","og_locale":"pt_BR","og_type":"article","og_title":"Dia do Nordestino: parab\u00e9ns a um povo marcado pela vontade de vencer! - Titan","og_description":"\u00c9 o momento de homenagear um povo humilde, trabalhador e que, acima de tudo, tem muita vontade de vencer. \u00c9 alegre e vive com um sorriso estampado no rosto. \u00c9 hospitaleiro. Representa a fibra de um povo persistente e batalhador em todos os sentidos. Hoje,...","og_url":"https:\/\/www.titanlat.com\/site\/dia-do-nordestino-parabens-a-um-povo-marcado-pela-vontade-de-vencer\/","og_site_name":"Titan","article_published_time":"2021-10-08T12:44:33+00:00","article_modified_time":"2022-09-06T14:25:24+00:00","og_image":[{"width":1200,"height":480,"url":"https:\/\/www.titanlat.com\/site\/wp-content\/uploads\/2021\/10\/8-de-outubro-1.png","type":"image\/png"}],"author":"asdYShew2232ys@askd","twitter_card":"summary_large_image","twitter_misc":{"Escrito por":"asdYShew2232ys@askd","Est. tempo de leitura":"1 minuto"},"schema":{"@context":"https:\/\/schema.org","@graph":[{"@type":"Article","@id":"https:\/\/www.titanlat.com\/site\/dia-do-nordestino-parabens-a-um-povo-marcado-pela-vontade-de-vencer\/#article","isPartOf":{"@id":"https:\/\/www.titanlat.com\/site\/dia-do-nordestino-parabens-a-um-povo-marcado-pela-vontade-de-vencer\/"},"author":{"name":"asdYShew2232ys@askd","@id":"https:\/\/www.titanlat.com\/site\/#\/schema\/person\/93f99b5ce16632543226c85d433862fc"},"headline":"Dia do Nordestino: parab\u00e9ns a um povo marcado pela vontade de vencer!","datePublished":"2021-10-08T12:44:33+00:00","dateModified":"2022-09-06T14:25:24+00:00","mainEntityOfPage":{"@id":"https:\/\/www.titanlat.com\/site\/dia-do-nordestino-parabens-a-um-povo-marcado-pela-vontade-de-vencer\/"},"wordCount":165,"commentCount":0,"publisher":{"@id":"https:\/\/www.titanlat.com\/site\/#organization"},"image":{"@id":"https:\/\/www.titanlat.com\/site\/dia-do-nordestino-parabens-a-um-povo-marcado-pela-vontade-de-vencer\/#primaryimage"},"thumbnailUrl":"https:\/\/www.titanlat.com\/site\/wp-content\/uploads\/2021\/10\/8-de-outubro-1.png","keywords":["Boiada","Chap\u00e9u de couro","Dia nacional do Nordestino","Nordeste","Pneus Titan"],"articleSection":["Institucional"],"inLanguage":"pt-BR","potentialAction":[{"@type":"CommentAction","name":"Comment","target":["https:\/\/www.titanlat.com\/site\/dia-do-nordestino-parabens-a-um-povo-marcado-pela-vontade-de-vencer\/#respond"]}]},{"@type":"WebPage","@id":"https:\/\/www.titanlat.com\/site\/dia-do-nordestino-parabens-a-um-povo-marcado-pela-vontade-de-vencer\/","url":"https:\/\/www.titanlat.com\/site\/dia-do-nordestino-parabens-a-um-povo-marcado-pela-vontade-de-vencer\/","name":"Dia do Nordestino: parab\u00e9ns a um povo marcado pela vontade de vencer! - Titan","isPartOf":{"@id":"https:\/\/www.titanlat.com\/site\/#website"},"primaryImageOfPage":{"@id":"https:\/\/www.titanlat.com\/site\/dia-do-nordestino-parabens-a-um-povo-marcado-pela-vontade-de-vencer\/#primaryimage"},"image":{"@id":"https:\/\/www.titanlat.com\/site\/dia-do-nordestino-parabens-a-um-povo-marcado-pela-vontade-de-vencer\/#primaryimage"},"thumbnailUrl":"https:\/\/www.titanlat.com\/site\/wp-content\/uploads\/2021\/10\/8-de-outubro-1.png","datePublished":"2021-10-08T12:44:33+00:00","dateModified":"2022-09-06T14:25:24+00:00","breadcrumb":{"@id":"https:\/\/www.titanlat.com\/site\/dia-do-nordestino-parabens-a-um-povo-marcado-pela-vontade-de-vencer\/#breadcrumb"},"inLanguage":"pt-BR","potentialAction":[{"@type":"ReadAction","target":["https:\/\/www.titanlat.com\/site\/dia-do-nordestino-parabens-a-um-povo-marcado-pela-vontade-de-vencer\/"]}]},{"@type":"ImageObject","inLanguage":"pt-BR","@id":"https:\/\/www.titanlat.com\/site\/dia-do-nordestino-parabens-a-um-povo-marcado-pela-vontade-de-vencer\/#primaryimage","url":"https:\/\/www.titanlat.com\/site\/wp-content\/uploads\/2021\/10\/8-de-outubro-1.png","contentUrl":"https:\/\/www.titanlat.com\/site\/wp-content\/uploads\/2021\/10\/8-de-outubro-1.png","width":1200,"height":480},{"@type":"BreadcrumbList","@id":"https:\/\/www.titanlat.com\/site\/dia-do-nordestino-parabens-a-um-povo-marcado-pela-vontade-de-vencer\/#breadcrumb","itemListElement":[{"@type":"ListItem","position":1,"name":"In\u00edcio","item":"https:\/\/www.titanlat.com\/site\/"},{"@type":"ListItem","position":2,"name":"Dia do Nordestino: parab\u00e9ns a um povo marcado pela vontade de vencer!"}]},{"@type":"WebSite","@id":"https:\/\/www.titanlat.com\/site\/#website","url":"https:\/\/www.titanlat.com\/site\/","name":"Titan","description":"Site","publisher":{"@id":"https:\/\/www.titanlat.com\/site\/#organization"},"potentialAction":[{"@type":"SearchAction","target":{"@type":"EntryPoint","urlTemplate":"https:\/\/www.titanlat.com\/site\/?s={search_term_string}"},"query-input":{"@type":"PropertyValueSpecification","valueRequired":true,"valueName":"search_term_string"}}],"inLanguage":"pt-BR"},{"@type":"Organization","@id":"https:\/\/www.titanlat.com\/site\/#organization","name":"Titan","url":"https:\/\/www.titanlat.com\/site\/","logo":{"@type":"ImageObject","inLanguage":"pt-BR","@id":"https:\/\/www.titanlat.com\/site\/#\/schema\/logo\/image\/","url":"https:\/\/www.titanlat.com\/site\/wp-content\/uploads\/2022\/03\/Logo_Titan.png","contentUrl":"https:\/\/www.titanlat.com\/site\/wp-content\/uploads\/2022\/03\/Logo_Titan.png","width":246,"height":59,"caption":"Titan"},"image":{"@id":"https:\/\/www.titanlat.com\/site\/#\/schema\/logo\/image\/"},"sameAs":["https:\/\/www.instagram.com\/titanpneus\/","https:\/\/www.linkedin.com\/company\/titanpneus\/"]},{"@type":"Person","@id":"https:\/\/www.titanlat.com\/site\/#\/schema\/person\/93f99b5ce16632543226c85d433862fc","name":"asdYShew2232ys@askd","image":{"@type":"ImageObject","inLanguage":"pt-BR","@id":"https:\/\/secure.gravatar.com\/avatar\/f3129b516c8c0653bb6ac44520f0266c4d16d1fb0c1e88e9253c3b783725993c?s=96&d=mm&r=g","url":"https:\/\/secure.gravatar.com\/avatar\/f3129b516c8c0653bb6ac44520f0266c4d16d1fb0c1e88e9253c3b783725993c?s=96&d=mm&r=g","contentUrl":"https:\/\/secure.gravatar.com\/avatar\/f3129b516c8c0653bb6ac44520f0266c4d16d1fb0c1e88e9253c3b783725993c?s=96&d=mm&r=g","caption":"asdYShew2232ys@askd"},"sameAs":["https:\/\/www.titanlat.com\/site"],"url":"https:\/\/www.titanlat.com\/site\/author\/asdyshew2232ysaskd\/"}]}},"_links":{"self":[{"href":"https:\/\/www.titanlat.com\/site\/wp-json\/wp\/v2\/posts\/1870","targetHints":{"allow":["GET"]}}],"collection":[{"href":"https:\/\/www.titanlat.com\/site\/wp-json\/wp\/v2\/posts"}],"about":[{"href":"https:\/\/www.titanlat.com\/site\/wp-json\/wp\/v2\/types\/post"}],"author":[{"embeddable":true,"href":"https:\/\/www.titanlat.com\/site\/wp-json\/wp\/v2\/users\/1"}],"replies":[{"embeddable":true,"href":"https:\/\/www.titanlat.com\/site\/wp-json\/wp\/v2\/comments?post=1870"}],"version-history":[{"count":1,"href":"https:\/\/www.titanlat.com\/site\/wp-json\/wp\/v2\/posts\/1870\/revisions"}],"predecessor-version":[{"id":1904,"href":"https:\/\/www.titanlat.com\/site\/wp-json\/wp\/v2\/posts\/1870\/revisions\/1904"}],"wp:featuredmedia":[{"embeddable":true,"href":"https:\/\/www.titanlat.com\/site\/wp-json\/wp\/v2\/media\/1903"}],"wp:attachment":[{"href":"https:\/\/www.titanlat.com\/site\/wp-json\/wp\/v2\/media?parent=1870"}],"wp:term":[{"taxonomy":"category","embeddable":true,"href":"https:\/\/www.titanlat.com\/site\/wp-json\/wp\/v2\/categories?post=1870"},{"taxonomy":"post_tag","embeddable":true,"href":"https:\/\/www.titanlat.com\/site\/wp-json\/wp\/v2\/tags?post=1870"}],"curies":[{"name":"wp","href":"https:\/\/api.w.org\/{rel}","templated":true}]}}