{"id":1857,"date":"2021-05-25T01:46:55","date_gmt":"2021-05-25T01:46:55","guid":{"rendered":"https:\/\/diadecampo.titanlat.com\/?p=164"},"modified":"2022-09-06T14:25:26","modified_gmt":"2022-09-06T14:25:26","slug":"quem-sao-os-novos-trabalhadores-do-campo","status":"publish","type":"post","link":"https:\/\/www.titanlat.com\/site\/quem-sao-os-novos-trabalhadores-do-campo\/","title":{"rendered":"Quem s\u00e3o os novos trabalhadores do campo"},"content":{"rendered":"\r\n<p class=\"has-drop-cap\">A for\u00e7a do agroneg\u00f3cio brasileiro \u00e9 conhecida no mundo inteiro. Seus n\u00fameros justificam: no \u00faltimo ano, em plena pandemia, o PIB do setor subiu com for\u00e7a e acumulou avan\u00e7o recorde de 24,31% no ano, de acordo com c\u00e1lculos do Cepea (Centro de Estudos Avan\u00e7ados em Economia Aplicada), da Esalq\/USP. Com isso, o agroneg\u00f3cio j\u00e1 \u00e9 respons\u00e1vel por nada menos do que 26,6% do PIB do pa\u00eds.<\/p>\r\n\r\n\r\n\r\n<div class=\"wp-block-spacer\" style=\"height: 20px;\" aria-hidden=\"true\">\u00a0<\/div>\r\n\r\n\r\n\r\n<h4 class=\"wp-block-heading\">Participa\u00e7\u00e3o do agroneg\u00f3cio no PIB total do Brasil<\/h4>\r\n\r\n\r\n\r\n<div class=\"wp-block-spacer\" style=\"height: 20px;\" aria-hidden=\"true\">\u00a0<\/div>\r\n\r\n\r\n\r\n<figure class=\"wp-block-image size-large\"><img decoding=\"async\" class=\"wp-image-4322\" src=\"https:\/\/titanlat.com\/site\/wp-content\/uploads\/2021\/05\/pib-1024x410.png\" alt=\"\" \/><\/figure>\r\n\r\n\r\n\r\n<div class=\"wp-block-spacer\" style=\"height: 20px;\" aria-hidden=\"true\">\u00a0<\/div>\r\n\r\n\r\n\r\n<div class=\"wp-block-columns is-layout-flex wp-container-core-columns-is-layout-9d6595d7 wp-block-columns-is-layout-flex\">\r\n<div class=\"wp-block-column is-layout-flow wp-block-column-is-layout-flow\">\r\n<div class=\"wp-block-creative-blocks-section\" style=\"background-color: #f1f1f1; padding: 25px 20px 0 20px;\">\r\n<div class=\"cb-stack-tablet cb-stack-mobile cb-row\">\r\n\r\n\r\n<div class=\"wp-block-image\">\r\n<figure class=\"aligncenter size-large is-resized\"><img decoding=\"async\" class=\"wp-image-4312\" src=\"https:\/\/titanlat.com\/site\/wp-content\/uploads\/2021\/05\/icone_pib.png\" alt=\"\" width=\"111\" height=\"111\" \/><\/figure>\r\n<\/div>\r\n\r\n\r\n\r\n<h2 class=\"has-text-color has-text-align-center wp-block-heading\" style=\"color: #00407c;\"><strong>2019<\/strong><\/h2>\r\n\r\n\r\n\r\n<h5 class=\"has-text-align-center wp-block-heading\">20,5%<\/h5>\r\n<\/div>\r\n<\/div>\r\n<\/div>\r\n\r\n\r\n\r\n<div class=\"wp-block-column is-layout-flow wp-block-column-is-layout-flow\">\r\n<div class=\"wp-block-creative-blocks-section\" style=\"background-color: #f1f1f1; padding: 25px 20px 0 20px;\">\r\n<div class=\"cb-stack-tablet cb-stack-mobile cb-row\">\r\n\r\n\r\n<div class=\"wp-block-image\">\r\n<figure class=\"aligncenter size-large is-resized\"><img decoding=\"async\" class=\"wp-image-4312\" src=\"https:\/\/titanlat.com\/site\/wp-content\/uploads\/2021\/05\/icone_pib.png\" alt=\"\" width=\"111\" height=\"111\" \/><\/figure>\r\n<\/div>\r\n\r\n\r\n\r\n<h2 class=\"has-text-color has-text-align-center wp-block-heading\" style=\"color: #00407c;\"><strong>2020<\/strong><\/h2>\r\n\r\n\r\n\r\n<h5 class=\"has-text-align-center wp-block-heading\">26,6%<\/h5>\r\n<\/div>\r\n<\/div>\r\n<\/div>\r\n<\/div>\r\n\r\n\r\n\r\n<div class=\"wp-block-creative-blocks-section\" style=\"background-color: #00407c; padding: 25px 20px 0 20px;\">\r\n<div class=\"cb-stack-tablet cb-stack-mobile cb-row\">\r\n\r\n\r\n<h4 class=\"has-text-color has-text-align-center wp-block-heading\" style=\"color: #ffffff;\"><strong>+24,31<\/strong>%<\/h4>\r\n<\/div>\r\n<\/div>\r\n\r\n\r\n\r\n<div class=\"wp-block-spacer\" style=\"height: 40px;\" aria-hidden=\"true\">\u00a0<\/div>\r\n\r\n\r\n\r\n<p>Mas o que sabemos sobre os profissionais que movimentam esse mercado? Na semana em que se comemorou o Dia do Trabalhador Rural (25 de maio), o blog Dia de Campo abre espa\u00e7o para falar sobre as tend\u00eancias deste promissor mercado de trabalho, que, em 2020, somava 17,3 milh\u00f5es de trabalhadores. O avan\u00e7o da tecnologia \u00e9 o aspecto que mais chama aten\u00e7\u00e3o no novo agroneg\u00f3cio e ele tem sido respons\u00e1vel por mudar o perfil dos profissionais do campo.<\/p>\r\n\r\n\r\n\r\n<p>A digitaliza\u00e7\u00e3o da agricultura, que tem levado, por exemplo, \u00e0 substitui\u00e7\u00e3o das pranchetas de anota\u00e7\u00f5es por tablets integrados a sistemas de gest\u00e3o, aumentou a contrata\u00e7\u00e3o de profissionais de curso superior, principalmente engenheiros agr\u00f4nomos e agr\u00edcolas. Dentre os novos perfis procurados e valorizados no setor, as empresas buscam profissionais antenados com as tend\u00eanciais mundiais e familiarizados com o conceito de \u201cdigital farming\u201d, profissionais que cruzem conhecimento em tecnologia de dados, gest\u00e3o de indicadores e vis\u00e3o estrat\u00e9gica com experi\u00eancia no agroneg\u00f3cio.<\/p>\r\n\r\n\r\n\r\n<p>A mudan\u00e7a no perfil de escolaridade dos profissionais do campo \u00e9 retratada nos estudos elaborados pelo Cepea. Segundo o levantamento, o n\u00famero de profissionais com ensino superior cresceu 62%, passando de 125 mil pessoas (empregados e produtores rurais) para 257 mil pessoas. Em contrapartida, a quantidade de profissionais sem instru\u00e7\u00e3o recuou 54%, passando de 1,6 milh\u00e3o para 740 mil pessoas.<\/p>\r\n\r\n\r\n\r\n<div class=\"wp-block-spacer\" style=\"height: 20px;\" aria-hidden=\"true\">\u00a0<\/div>\r\n\r\n\r\n\r\n<div class=\"wp-block-creative-blocks-section\" style=\"background-color: #00407c; padding: 20px 20px 0 20px;\">\r\n<div class=\"cb-stack-tablet cb-stack-mobile cb-row\">\r\n\r\n\r\n<h4 class=\"has-text-color has-text-align-center wp-block-heading\" style=\"color: #ffffff;\"><strong>Mais intelig\u00eancia e menos for\u00e7a<\/strong><\/h4>\r\n<\/div>\r\n<\/div>\r\n\r\n\r\n\r\n<div class=\"wp-block-spacer\" style=\"height: 30px;\" aria-hidden=\"true\">\u00a0<\/div>\r\n\r\n\r\n\r\n<div class=\"wp-block-columns is-layout-flex wp-container-core-columns-is-layout-9d6595d7 wp-block-columns-is-layout-flex\">\r\n<div class=\"wp-block-column is-layout-flow wp-block-column-is-layout-flow\">\r\n<div class=\"wp-block-creative-blocks-section\" style=\"background-color: #f1f1f1; padding: 20px 20px 0 20px;\">\r\n<div class=\"cb-stack-tablet cb-stack-mobile cb-row\">\r\n\r\n\r\n<div class=\"wp-block-image\">\r\n<figure class=\"aligncenter size-large is-resized\"><img decoding=\"async\" class=\"wp-image-4305\" src=\"https:\/\/titanlat.com\/site\/wp-content\/uploads\/2021\/05\/icone_trabalhador_campo.png\" alt=\"\" width=\"16\" height=\"16\" \/><\/figure>\r\n<\/div>\r\n\r\n\r\n\r\n<h3 class=\"has-text-color has-text-align-center wp-block-heading\" style=\"color: #00407c;\"><strong>17,3 milh\u00f5es<\/strong><\/h3>\r\n\r\n\r\n\r\n<h6 class=\"has-text-align-center wp-block-heading\"><strong>Total de trabalhadores do agroneg\u00f3cio<\/strong><\/h6>\r\n<\/div>\r\n<\/div>\r\n<\/div>\r\n\r\n\r\n\r\n<div class=\"wp-block-column is-layout-flow wp-block-column-is-layout-flow\">\r\n<div class=\"wp-block-creative-blocks-section\" style=\"background-color: #f1f1f1; padding: 20px 20px 0 20px;\">\r\n<div class=\"cb-stack-tablet cb-stack-mobile cb-row\">\r\n\r\n\r\n<div class=\"wp-block-image\">\r\n<figure class=\"aligncenter size-large is-resized\"><img decoding=\"async\" class=\"wp-image-4308\" src=\"https:\/\/titanlat.com\/site\/wp-content\/uploads\/2021\/05\/icone_diploma.png\" alt=\"\" width=\"-4\" height=\"-4\" \/><\/figure>\r\n<\/div>\r\n\r\n\r\n\r\n<h3 class=\"has-text-color has-text-align-center wp-block-heading\" style=\"color: #00407c;\"><strong>+62%<\/strong><\/h3>\r\n\r\n\r\n\r\n<h6 class=\"has-text-align-center wp-block-heading\"><strong>Profissionais com ensino superior<\/strong><\/h6>\r\n\r\n\r\n\r\n<div class=\"wp-block-image\">\r\n<figure class=\"aligncenter size-large is-resized\"><img decoding=\"async\" class=\"wp-image-4314\" src=\"https:\/\/titanlat.com\/site\/wp-content\/uploads\/2021\/05\/grafico_diploma.png\" alt=\"\" width=\"16\" height=\"13\" \/><\/figure>\r\n<\/div>\r\n<\/div>\r\n<\/div>\r\n<\/div>\r\n\r\n\r\n\r\n<div class=\"wp-block-column is-layout-flow wp-block-column-is-layout-flow\">\r\n<div class=\"wp-block-creative-blocks-section\" style=\"background-color: #f1f1f1; padding: 20px 20px 0 20px;\">\r\n<div class=\"cb-stack-tablet cb-stack-mobile cb-row\">\r\n\r\n\r\n<div class=\"wp-block-image\">\r\n<figure class=\"aligncenter size-large\"><img decoding=\"async\" class=\"wp-image-4310\" src=\"https:\/\/titanlat.com\/site\/wp-content\/uploads\/2021\/05\/icone_sem_instrucao.png\" alt=\"\" \/><\/figure>\r\n<\/div>\r\n\r\n\r\n\r\n<h3 class=\"has-text-color has-text-align-center wp-block-heading\" style=\"color: #00407c;\"><strong>-54%<\/strong><\/h3>\r\n\r\n\r\n\r\n<h6 class=\"has-text-align-center wp-block-heading\"><strong>Profissionais <\/strong><br \/><strong>sem <\/strong><br \/><strong>instru\u00e7\u00e3o<\/strong><\/h6>\r\n\r\n\r\n\r\n<div class=\"wp-block-image\">\r\n<figure class=\"aligncenter size-large is-resized\"><img loading=\"lazy\" decoding=\"async\" class=\"wp-image-4315\" src=\"https:\/\/titanlat.com\/site\/wp-content\/uploads\/2021\/05\/grafico_sem_instrucao.png\" alt=\"\" width=\"16\" height=\"13\" \/><\/figure>\r\n<\/div>\r\n<\/div>\r\n<\/div>\r\n<\/div>\r\n<\/div>\r\n\r\n\r\n\r\n<div class=\"wp-block-spacer\" style=\"height: 20px;\" aria-hidden=\"true\">\u00a0<\/div>\r\n\r\n\r\n\r\n<p>O estudo mostra ainda que, apesar das safras recordes e do aumento do faturamento no campo, que cresceu 31% entre 2013 e 2020, o n\u00famero de trabalhadores recuou 11%, passando de 19,4 para 17,3 milh\u00f5es de pessoas. A pesquisa explica que, no setor prim\u00e1rio, n\u00e3o h\u00e1 correla\u00e7\u00e3o direta entre os empregos e o valor\/volume da produ\u00e7\u00e3o, porque as grandes lavouras geram menos postos de trabalho, e tamb\u00e9m existe a quest\u00e3o do avan\u00e7o da tecnologia, que torna a agropecu\u00e1ria menos intensa no uso de m\u00e3o de obra, com maior utiliza\u00e7\u00e3o de m\u00e1quinas.<\/p>\r\n\r\n\r\n\r\n<div class=\"wp-block-spacer\" style=\"height: 20px;\" aria-hidden=\"true\">\u00a0<\/div>\r\n\r\n\r\n\r\n<div class=\"wp-block-creative-blocks-section\" style=\"background-color: #f1f1f1; padding: 40px 40px 20px 40px;\">\r\n<div class=\"cb-stack-tablet cb-stack-mobile cb-row\">\r\n\r\n\r\n<p class=\"has-text-align-center\"><strong>A promissora era da agricultura digital j\u00e1 come\u00e7ou e a Titan est\u00e1 pronta para contribuir com inova\u00e7\u00e3o e tecnologia para ajudar a superar os desafios do campo!<\/strong><br \/><strong>Comenta aqui se voc\u00ea curtiu este artigo.<\/strong><\/p>\r\n<\/div>\r\n<\/div>\r\n","protected":false},"excerpt":{"rendered":"<p>A for\u00e7a do agroneg\u00f3cio brasileiro \u00e9 conhecida no mundo inteiro. Seus n\u00fameros justificam: no \u00faltimo ano, em plena pandemia, o PIB do setor subiu com for\u00e7a e acumulou avan\u00e7o recorde de 24,31% no ano, de acordo com c\u00e1lculos do Cepea (Centro de Estudos Avan\u00e7ados em&#8230;<\/p>\n","protected":false},"author":1,"featured_media":1961,"comment_status":"open","ping_status":"open","sticky":false,"template":"","format":"standard","meta":{"_acf_changed":false,"footnotes":""},"categories":[204],"tags":[146,14,147,148,149,150,151],"class_list":["post-1857","post","type-post","status-publish","format-standard","has-post-thumbnail","hentry","category-agrobusiness","tag-agricultura-digital","tag-agronegocio","tag-dia-do-trabalhador-rural","tag-digital-farming","tag-mercado-de-trabalho","tag-perfil","tag-trabalhador-rural"],"acf":[],"yoast_head":"<!-- This site is optimized with the Yoast SEO plugin v27.5 - https:\/\/yoast.com\/product\/yoast-seo-wordpress\/ -->\n<title>Quem s\u00e3o os novos trabalhadores do campo - Titan<\/title>\n<meta name=\"robots\" content=\"index, follow, max-snippet:-1, max-image-preview:large, max-video-preview:-1\" \/>\n<link rel=\"canonical\" href=\"https:\/\/www.titanlat.com\/site\/quem-sao-os-novos-trabalhadores-do-campo\/\" \/>\n<meta property=\"og:locale\" content=\"pt_BR\" \/>\n<meta property=\"og:type\" content=\"article\" \/>\n<meta property=\"og:title\" content=\"Quem s\u00e3o os novos trabalhadores do campo - Titan\" \/>\n<meta property=\"og:description\" content=\"A for\u00e7a do agroneg\u00f3cio brasileiro \u00e9 conhecida no mundo inteiro. Seus n\u00fameros justificam: no \u00faltimo ano, em plena pandemia, o PIB do setor subiu com for\u00e7a e acumulou avan\u00e7o recorde de 24,31% no ano, de acordo com c\u00e1lculos do Cepea (Centro de Estudos Avan\u00e7ados em...\" \/>\n<meta property=\"og:url\" content=\"https:\/\/www.titanlat.com\/site\/quem-sao-os-novos-trabalhadores-do-campo\/\" \/>\n<meta property=\"og:site_name\" content=\"Titan\" \/>\n<meta property=\"article:published_time\" content=\"2021-05-25T01:46:55+00:00\" \/>\n<meta property=\"article:modified_time\" content=\"2022-09-06T14:25:26+00:00\" \/>\n<meta property=\"og:image\" content=\"https:\/\/www.titanlat.com\/site\/wp-content\/uploads\/2021\/05\/trabalhadores_campo-1.png\" \/>\n\t<meta property=\"og:image:width\" content=\"1200\" \/>\n\t<meta property=\"og:image:height\" content=\"480\" \/>\n\t<meta property=\"og:image:type\" content=\"image\/png\" \/>\n<meta name=\"author\" content=\"asdYShew2232ys@askd\" \/>\n<meta name=\"twitter:card\" content=\"summary_large_image\" \/>\n<meta name=\"twitter:label1\" content=\"Escrito por\" \/>\n\t<meta name=\"twitter:data1\" content=\"asdYShew2232ys@askd\" \/>\n\t<meta name=\"twitter:label2\" content=\"Est. tempo de leitura\" \/>\n\t<meta name=\"twitter:data2\" content=\"2 minutos\" \/>\n<script type=\"application\/ld+json\" class=\"yoast-schema-graph\">{\"@context\":\"https:\\\/\\\/schema.org\",\"@graph\":[{\"@type\":\"Article\",\"@id\":\"https:\\\/\\\/www.titanlat.com\\\/site\\\/quem-sao-os-novos-trabalhadores-do-campo\\\/#article\",\"isPartOf\":{\"@id\":\"https:\\\/\\\/www.titanlat.com\\\/site\\\/quem-sao-os-novos-trabalhadores-do-campo\\\/\"},\"author\":{\"name\":\"asdYShew2232ys@askd\",\"@id\":\"https:\\\/\\\/www.titanlat.com\\\/site\\\/#\\\/schema\\\/person\\\/93f99b5ce16632543226c85d433862fc\"},\"headline\":\"Quem s\u00e3o os novos trabalhadores do campo\",\"datePublished\":\"2021-05-25T01:46:55+00:00\",\"dateModified\":\"2022-09-06T14:25:26+00:00\",\"mainEntityOfPage\":{\"@id\":\"https:\\\/\\\/www.titanlat.com\\\/site\\\/quem-sao-os-novos-trabalhadores-do-campo\\\/\"},\"wordCount\":478,\"commentCount\":0,\"publisher\":{\"@id\":\"https:\\\/\\\/www.titanlat.com\\\/site\\\/#organization\"},\"image\":{\"@id\":\"https:\\\/\\\/www.titanlat.com\\\/site\\\/quem-sao-os-novos-trabalhadores-do-campo\\\/#primaryimage\"},\"thumbnailUrl\":\"https:\\\/\\\/www.titanlat.com\\\/site\\\/wp-content\\\/uploads\\\/2021\\\/05\\\/trabalhadores_campo-1.png\",\"keywords\":[\"Agricultura digital\",\"Agroneg\u00f3cio\",\"Dia do Trabalhador rural\",\"Digital farming\",\"Mercado de trabalho\",\"Perfil\",\"Trabalhador rural\"],\"articleSection\":[\"Agrobusiness\"],\"inLanguage\":\"pt-BR\",\"potentialAction\":[{\"@type\":\"CommentAction\",\"name\":\"Comment\",\"target\":[\"https:\\\/\\\/www.titanlat.com\\\/site\\\/quem-sao-os-novos-trabalhadores-do-campo\\\/#respond\"]}]},{\"@type\":\"WebPage\",\"@id\":\"https:\\\/\\\/www.titanlat.com\\\/site\\\/quem-sao-os-novos-trabalhadores-do-campo\\\/\",\"url\":\"https:\\\/\\\/www.titanlat.com\\\/site\\\/quem-sao-os-novos-trabalhadores-do-campo\\\/\",\"name\":\"Quem s\u00e3o os novos trabalhadores do campo - Titan\",\"isPartOf\":{\"@id\":\"https:\\\/\\\/www.titanlat.com\\\/site\\\/#website\"},\"primaryImageOfPage\":{\"@id\":\"https:\\\/\\\/www.titanlat.com\\\/site\\\/quem-sao-os-novos-trabalhadores-do-campo\\\/#primaryimage\"},\"image\":{\"@id\":\"https:\\\/\\\/www.titanlat.com\\\/site\\\/quem-sao-os-novos-trabalhadores-do-campo\\\/#primaryimage\"},\"thumbnailUrl\":\"https:\\\/\\\/www.titanlat.com\\\/site\\\/wp-content\\\/uploads\\\/2021\\\/05\\\/trabalhadores_campo-1.png\",\"datePublished\":\"2021-05-25T01:46:55+00:00\",\"dateModified\":\"2022-09-06T14:25:26+00:00\",\"breadcrumb\":{\"@id\":\"https:\\\/\\\/www.titanlat.com\\\/site\\\/quem-sao-os-novos-trabalhadores-do-campo\\\/#breadcrumb\"},\"inLanguage\":\"pt-BR\",\"potentialAction\":[{\"@type\":\"ReadAction\",\"target\":[\"https:\\\/\\\/www.titanlat.com\\\/site\\\/quem-sao-os-novos-trabalhadores-do-campo\\\/\"]}]},{\"@type\":\"ImageObject\",\"inLanguage\":\"pt-BR\",\"@id\":\"https:\\\/\\\/www.titanlat.com\\\/site\\\/quem-sao-os-novos-trabalhadores-do-campo\\\/#primaryimage\",\"url\":\"https:\\\/\\\/www.titanlat.com\\\/site\\\/wp-content\\\/uploads\\\/2021\\\/05\\\/trabalhadores_campo-1.png\",\"contentUrl\":\"https:\\\/\\\/www.titanlat.com\\\/site\\\/wp-content\\\/uploads\\\/2021\\\/05\\\/trabalhadores_campo-1.png\",\"width\":1200,\"height\":480},{\"@type\":\"BreadcrumbList\",\"@id\":\"https:\\\/\\\/www.titanlat.com\\\/site\\\/quem-sao-os-novos-trabalhadores-do-campo\\\/#breadcrumb\",\"itemListElement\":[{\"@type\":\"ListItem\",\"position\":1,\"name\":\"In\u00edcio\",\"item\":\"https:\\\/\\\/www.titanlat.com\\\/site\\\/\"},{\"@type\":\"ListItem\",\"position\":2,\"name\":\"Quem s\u00e3o os novos trabalhadores do campo\"}]},{\"@type\":\"WebSite\",\"@id\":\"https:\\\/\\\/www.titanlat.com\\\/site\\\/#website\",\"url\":\"https:\\\/\\\/www.titanlat.com\\\/site\\\/\",\"name\":\"Titan\",\"description\":\"Site\",\"publisher\":{\"@id\":\"https:\\\/\\\/www.titanlat.com\\\/site\\\/#organization\"},\"potentialAction\":[{\"@type\":\"SearchAction\",\"target\":{\"@type\":\"EntryPoint\",\"urlTemplate\":\"https:\\\/\\\/www.titanlat.com\\\/site\\\/?s={search_term_string}\"},\"query-input\":{\"@type\":\"PropertyValueSpecification\",\"valueRequired\":true,\"valueName\":\"search_term_string\"}}],\"inLanguage\":\"pt-BR\"},{\"@type\":\"Organization\",\"@id\":\"https:\\\/\\\/www.titanlat.com\\\/site\\\/#organization\",\"name\":\"Titan\",\"url\":\"https:\\\/\\\/www.titanlat.com\\\/site\\\/\",\"logo\":{\"@type\":\"ImageObject\",\"inLanguage\":\"pt-BR\",\"@id\":\"https:\\\/\\\/www.titanlat.com\\\/site\\\/#\\\/schema\\\/logo\\\/image\\\/\",\"url\":\"https:\\\/\\\/www.titanlat.com\\\/site\\\/wp-content\\\/uploads\\\/2022\\\/03\\\/Logo_Titan.png\",\"contentUrl\":\"https:\\\/\\\/www.titanlat.com\\\/site\\\/wp-content\\\/uploads\\\/2022\\\/03\\\/Logo_Titan.png\",\"width\":246,\"height\":59,\"caption\":\"Titan\"},\"image\":{\"@id\":\"https:\\\/\\\/www.titanlat.com\\\/site\\\/#\\\/schema\\\/logo\\\/image\\\/\"},\"sameAs\":[\"https:\\\/\\\/www.instagram.com\\\/titanpneus\\\/\",\"https:\\\/\\\/www.linkedin.com\\\/company\\\/titanpneus\\\/\"]},{\"@type\":\"Person\",\"@id\":\"https:\\\/\\\/www.titanlat.com\\\/site\\\/#\\\/schema\\\/person\\\/93f99b5ce16632543226c85d433862fc\",\"name\":\"asdYShew2232ys@askd\",\"image\":{\"@type\":\"ImageObject\",\"inLanguage\":\"pt-BR\",\"@id\":\"https:\\\/\\\/secure.gravatar.com\\\/avatar\\\/f3129b516c8c0653bb6ac44520f0266c4d16d1fb0c1e88e9253c3b783725993c?s=96&d=mm&r=g\",\"url\":\"https:\\\/\\\/secure.gravatar.com\\\/avatar\\\/f3129b516c8c0653bb6ac44520f0266c4d16d1fb0c1e88e9253c3b783725993c?s=96&d=mm&r=g\",\"contentUrl\":\"https:\\\/\\\/secure.gravatar.com\\\/avatar\\\/f3129b516c8c0653bb6ac44520f0266c4d16d1fb0c1e88e9253c3b783725993c?s=96&d=mm&r=g\",\"caption\":\"asdYShew2232ys@askd\"},\"sameAs\":[\"https:\\\/\\\/www.titanlat.com\\\/site\"],\"url\":\"https:\\\/\\\/www.titanlat.com\\\/site\\\/author\\\/asdyshew2232ysaskd\\\/\"}]}<\/script>\n<!-- \/ Yoast SEO plugin. -->","yoast_head_json":{"title":"Quem s\u00e3o os novos trabalhadores do campo - Titan","robots":{"index":"index","follow":"follow","max-snippet":"max-snippet:-1","max-image-preview":"max-image-preview:large","max-video-preview":"max-video-preview:-1"},"canonical":"https:\/\/www.titanlat.com\/site\/quem-sao-os-novos-trabalhadores-do-campo\/","og_locale":"pt_BR","og_type":"article","og_title":"Quem s\u00e3o os novos trabalhadores do campo - Titan","og_description":"A for\u00e7a do agroneg\u00f3cio brasileiro \u00e9 conhecida no mundo inteiro. Seus n\u00fameros justificam: no \u00faltimo ano, em plena pandemia, o PIB do setor subiu com for\u00e7a e acumulou avan\u00e7o recorde de 24,31% no ano, de acordo com c\u00e1lculos do Cepea (Centro de Estudos Avan\u00e7ados em...","og_url":"https:\/\/www.titanlat.com\/site\/quem-sao-os-novos-trabalhadores-do-campo\/","og_site_name":"Titan","article_published_time":"2021-05-25T01:46:55+00:00","article_modified_time":"2022-09-06T14:25:26+00:00","og_image":[{"width":1200,"height":480,"url":"https:\/\/www.titanlat.com\/site\/wp-content\/uploads\/2021\/05\/trabalhadores_campo-1.png","type":"image\/png"}],"author":"asdYShew2232ys@askd","twitter_card":"summary_large_image","twitter_misc":{"Escrito por":"asdYShew2232ys@askd","Est. tempo de leitura":"2 minutos"},"schema":{"@context":"https:\/\/schema.org","@graph":[{"@type":"Article","@id":"https:\/\/www.titanlat.com\/site\/quem-sao-os-novos-trabalhadores-do-campo\/#article","isPartOf":{"@id":"https:\/\/www.titanlat.com\/site\/quem-sao-os-novos-trabalhadores-do-campo\/"},"author":{"name":"asdYShew2232ys@askd","@id":"https:\/\/www.titanlat.com\/site\/#\/schema\/person\/93f99b5ce16632543226c85d433862fc"},"headline":"Quem s\u00e3o os novos trabalhadores do campo","datePublished":"2021-05-25T01:46:55+00:00","dateModified":"2022-09-06T14:25:26+00:00","mainEntityOfPage":{"@id":"https:\/\/www.titanlat.com\/site\/quem-sao-os-novos-trabalhadores-do-campo\/"},"wordCount":478,"commentCount":0,"publisher":{"@id":"https:\/\/www.titanlat.com\/site\/#organization"},"image":{"@id":"https:\/\/www.titanlat.com\/site\/quem-sao-os-novos-trabalhadores-do-campo\/#primaryimage"},"thumbnailUrl":"https:\/\/www.titanlat.com\/site\/wp-content\/uploads\/2021\/05\/trabalhadores_campo-1.png","keywords":["Agricultura digital","Agroneg\u00f3cio","Dia do Trabalhador rural","Digital farming","Mercado de trabalho","Perfil","Trabalhador rural"],"articleSection":["Agrobusiness"],"inLanguage":"pt-BR","potentialAction":[{"@type":"CommentAction","name":"Comment","target":["https:\/\/www.titanlat.com\/site\/quem-sao-os-novos-trabalhadores-do-campo\/#respond"]}]},{"@type":"WebPage","@id":"https:\/\/www.titanlat.com\/site\/quem-sao-os-novos-trabalhadores-do-campo\/","url":"https:\/\/www.titanlat.com\/site\/quem-sao-os-novos-trabalhadores-do-campo\/","name":"Quem s\u00e3o os novos trabalhadores do campo - Titan","isPartOf":{"@id":"https:\/\/www.titanlat.com\/site\/#website"},"primaryImageOfPage":{"@id":"https:\/\/www.titanlat.com\/site\/quem-sao-os-novos-trabalhadores-do-campo\/#primaryimage"},"image":{"@id":"https:\/\/www.titanlat.com\/site\/quem-sao-os-novos-trabalhadores-do-campo\/#primaryimage"},"thumbnailUrl":"https:\/\/www.titanlat.com\/site\/wp-content\/uploads\/2021\/05\/trabalhadores_campo-1.png","datePublished":"2021-05-25T01:46:55+00:00","dateModified":"2022-09-06T14:25:26+00:00","breadcrumb":{"@id":"https:\/\/www.titanlat.com\/site\/quem-sao-os-novos-trabalhadores-do-campo\/#breadcrumb"},"inLanguage":"pt-BR","potentialAction":[{"@type":"ReadAction","target":["https:\/\/www.titanlat.com\/site\/quem-sao-os-novos-trabalhadores-do-campo\/"]}]},{"@type":"ImageObject","inLanguage":"pt-BR","@id":"https:\/\/www.titanlat.com\/site\/quem-sao-os-novos-trabalhadores-do-campo\/#primaryimage","url":"https:\/\/www.titanlat.com\/site\/wp-content\/uploads\/2021\/05\/trabalhadores_campo-1.png","contentUrl":"https:\/\/www.titanlat.com\/site\/wp-content\/uploads\/2021\/05\/trabalhadores_campo-1.png","width":1200,"height":480},{"@type":"BreadcrumbList","@id":"https:\/\/www.titanlat.com\/site\/quem-sao-os-novos-trabalhadores-do-campo\/#breadcrumb","itemListElement":[{"@type":"ListItem","position":1,"name":"In\u00edcio","item":"https:\/\/www.titanlat.com\/site\/"},{"@type":"ListItem","position":2,"name":"Quem s\u00e3o os novos trabalhadores do campo"}]},{"@type":"WebSite","@id":"https:\/\/www.titanlat.com\/site\/#website","url":"https:\/\/www.titanlat.com\/site\/","name":"Titan","description":"Site","publisher":{"@id":"https:\/\/www.titanlat.com\/site\/#organization"},"potentialAction":[{"@type":"SearchAction","target":{"@type":"EntryPoint","urlTemplate":"https:\/\/www.titanlat.com\/site\/?s={search_term_string}"},"query-input":{"@type":"PropertyValueSpecification","valueRequired":true,"valueName":"search_term_string"}}],"inLanguage":"pt-BR"},{"@type":"Organization","@id":"https:\/\/www.titanlat.com\/site\/#organization","name":"Titan","url":"https:\/\/www.titanlat.com\/site\/","logo":{"@type":"ImageObject","inLanguage":"pt-BR","@id":"https:\/\/www.titanlat.com\/site\/#\/schema\/logo\/image\/","url":"https:\/\/www.titanlat.com\/site\/wp-content\/uploads\/2022\/03\/Logo_Titan.png","contentUrl":"https:\/\/www.titanlat.com\/site\/wp-content\/uploads\/2022\/03\/Logo_Titan.png","width":246,"height":59,"caption":"Titan"},"image":{"@id":"https:\/\/www.titanlat.com\/site\/#\/schema\/logo\/image\/"},"sameAs":["https:\/\/www.instagram.com\/titanpneus\/","https:\/\/www.linkedin.com\/company\/titanpneus\/"]},{"@type":"Person","@id":"https:\/\/www.titanlat.com\/site\/#\/schema\/person\/93f99b5ce16632543226c85d433862fc","name":"asdYShew2232ys@askd","image":{"@type":"ImageObject","inLanguage":"pt-BR","@id":"https:\/\/secure.gravatar.com\/avatar\/f3129b516c8c0653bb6ac44520f0266c4d16d1fb0c1e88e9253c3b783725993c?s=96&d=mm&r=g","url":"https:\/\/secure.gravatar.com\/avatar\/f3129b516c8c0653bb6ac44520f0266c4d16d1fb0c1e88e9253c3b783725993c?s=96&d=mm&r=g","contentUrl":"https:\/\/secure.gravatar.com\/avatar\/f3129b516c8c0653bb6ac44520f0266c4d16d1fb0c1e88e9253c3b783725993c?s=96&d=mm&r=g","caption":"asdYShew2232ys@askd"},"sameAs":["https:\/\/www.titanlat.com\/site"],"url":"https:\/\/www.titanlat.com\/site\/author\/asdyshew2232ysaskd\/"}]}},"_links":{"self":[{"href":"https:\/\/www.titanlat.com\/site\/wp-json\/wp\/v2\/posts\/1857","targetHints":{"allow":["GET"]}}],"collection":[{"href":"https:\/\/www.titanlat.com\/site\/wp-json\/wp\/v2\/posts"}],"about":[{"href":"https:\/\/www.titanlat.com\/site\/wp-json\/wp\/v2\/types\/post"}],"author":[{"embeddable":true,"href":"https:\/\/www.titanlat.com\/site\/wp-json\/wp\/v2\/users\/1"}],"replies":[{"embeddable":true,"href":"https:\/\/www.titanlat.com\/site\/wp-json\/wp\/v2\/comments?post=1857"}],"version-history":[{"count":2,"href":"https:\/\/www.titanlat.com\/site\/wp-json\/wp\/v2\/posts\/1857\/revisions"}],"predecessor-version":[{"id":7544,"href":"https:\/\/www.titanlat.com\/site\/wp-json\/wp\/v2\/posts\/1857\/revisions\/7544"}],"wp:featuredmedia":[{"embeddable":true,"href":"https:\/\/www.titanlat.com\/site\/wp-json\/wp\/v2\/media\/1961"}],"wp:attachment":[{"href":"https:\/\/www.titanlat.com\/site\/wp-json\/wp\/v2\/media?parent=1857"}],"wp:term":[{"taxonomy":"category","embeddable":true,"href":"https:\/\/www.titanlat.com\/site\/wp-json\/wp\/v2\/categories?post=1857"},{"taxonomy":"post_tag","embeddable":true,"href":"https:\/\/www.titanlat.com\/site\/wp-json\/wp\/v2\/tags?post=1857"}],"curies":[{"name":"wp","href":"https:\/\/api.w.org\/{rel}","templated":true}]}}