{"id":1830,"date":"2020-03-30T01:01:06","date_gmt":"2020-03-30T01:01:06","guid":{"rendered":"https:\/\/diadecampo.titanlat.com\/?p=91"},"modified":"2022-09-06T14:25:29","modified_gmt":"2022-09-06T14:25:29","slug":"covid-19-forca-do-agro-ganha-notoriedade-em-meio-a-crise-sanitaria-e-economica","status":"publish","type":"post","link":"https:\/\/www.titanlat.com\/site\/covid-19-forca-do-agro-ganha-notoriedade-em-meio-a-crise-sanitaria-e-economica\/","title":{"rendered":"COVID-19: for\u00e7a do agro ganha notoriedade em meio \u00e0 crise sanit\u00e1ria e econ\u00f4mica"},"content":{"rendered":"\r\n<figure class=\"wp-block-video\"><video src=\"https:\/\/titanlat.com\/site\/wp-content\/uploads\/2020\/04\/forca_agro_FINAL.mp4\" poster=\"https:\/\/titanlat.com\/site\/wp-content\/uploads\/2020\/04\/print_forca_agro_portugues.jpg\" controls=\"controls\" width=\"300\" height=\"150\"><\/video>\r\n<figcaption><a href=\"https:\/\/diadecampo.titanlat.com\/?aiovg_videos=forca-agro-em-espanhol\" target=\"_blank\" rel=\"noreferrer noopener\" aria-label=\"VEJA AQUI (abre numa nova aba)\"><code>VEJA AQUI<\/code><\/a><code> a <\/code>vers\u00e3o <code>em espanhol<\/code><\/figcaption>\r\n<\/figure>\r\n\r\n\r\n\r\n<div class=\"wp-block-spacer\" style=\"height: 30px;\" aria-hidden=\"true\">\u00a0<\/div>\r\n\r\n\r\n\r\n<p class=\"has-drop-cap\">Junto com a crise sanit\u00e1ria causada pela pandemia do coronav\u00edrus, que paralisa o pa\u00eds e o mundo, uma nova crise j\u00e1 se descortina com o fechamento tempor\u00e1rio de com\u00e9rcios, ind\u00fastrias e servi\u00e7os em geral: a crise econ\u00f4mica, que estimam os economistas, ser\u00e1 do mesmo patamar ou maior do que a ocorrida em 2008.<\/p>\r\n\r\n\r\n\r\n<p>Mas enquanto o pa\u00eds inteiro segue a recomenda\u00e7\u00e3o de ficar em casa para evitar uma propaga\u00e7\u00e3o maior do v\u00edrus, existe uma outra classe, al\u00e9m da m\u00e9dica, que tamb\u00e9m segue firme na linha de frente para garantir o fornecimento de alimentos para a popula\u00e7\u00e3o: o agroneg\u00f3cio.<\/p>\r\n\r\n\r\n\r\n<p>Representando um ter\u00e7o do PIB (produto interno bruto) brasileiro, a for\u00e7a do agro pode ser mais uma vez decisiva para tirar o pa\u00eds da crise. Se em outros momentos da hist\u00f3ria, o fato de sermos um pa\u00eds agr\u00edcola \u2013 em vez de industrializado, como as principais economias do mundo \u2013 foi motivo de cr\u00edtica, hoje, \u00e9 esta for\u00e7a que nos diferencia do resto do mundo e que deve ajudar a nossa economia a se recuperar mais rapidamente.<\/p>\r\n\r\n\r\n\r\n<p>O agro n\u00e3o para e segue forte. Exemplo disso \u00e9 a estimativa divulgada na \u00faltima semana de que o Brasil deve colher 120,6 milh\u00f5es de toneladas de soja este ano (dados da APROSOJA Brasil). O n\u00famero \u00e9 um recorde hist\u00f3rico para o pa\u00eds que se torna o maior produtor do gr\u00e3o no mundo.<\/p>\r\n\r\n\r\n\r\n<p>\u00c9 por not\u00edcias assim que o agro vem sendo apontado como a sa\u00edda para a crise econ\u00f4mica. A Titan se inspira nesta for\u00e7a e vai continuar apoiando o agroneg\u00f3cio com as melhores tecnologias para extrair do campo a maior riqueza do nosso pa\u00eds.<\/p>\r\n\r\n\r\n\r\n<h2 class=\"wp-block-heading\"><strong>5 fatos sobre a for\u00e7a do agroneg\u00f3cio brasileiro<\/strong><\/h2>\r\n\r\n\r\n\r\n<figure class=\"wp-block-image\"><img decoding=\"async\" class=\"wp-image-2534\" src=\"https:\/\/titanlat.com\/site\/wp-content\/uploads\/2020\/03\/forca_agronegocio-1024x384.jpg\" alt=\"5 fatos sobre a for\u00e7a do agroneg\u00f3cio brasileiro\" \/><\/figure>\r\n\r\n\r\n\r\n<p class=\"has-drop-cap\"><strong>1.<\/strong> Estima-se que em 2050, a popula\u00e7\u00e3o mundial chegue a 9 bilh\u00f5es de pessoas, aumentando a demanda por produtos e implicando em um crescimento de 70% da produ\u00e7\u00e3o de alimentos. Com grande potencial para a produ\u00e7\u00e3o agr\u00edcola e clima que permite planta\u00e7\u00f5es o ano todo, <strong>o Brasil ter\u00e1 grande influ\u00eancia e participa\u00e7\u00e3o na seguran\u00e7a alimentar das pr\u00f3ximas gera\u00e7\u00f5es<\/strong>.<\/p>\r\n\r\n\r\n\r\n<p class=\"has-drop-cap\"><strong>2. O Brasil \u00e9 refer\u00eancia em tecnologia voltada para a agricultura tropical<\/strong>, como pesquisas em rela\u00e7\u00e3o \u00e0 fertilidade do solo, manejo de culturas, controle de pragas e doen\u00e7as, t\u00e9cnicas de irriga\u00e7\u00e3o, entre outros. As diversas descobertas e inova\u00e7\u00f5es garantem o aumento da produtividade das culturas brasileiras e contribuem para a diminui\u00e7\u00e3o do custo de alimentos b\u00e1sicos.<\/p>\r\n\r\n\r\n\r\n<p class=\"has-drop-cap\"><strong>3.<\/strong> <strong>Respons\u00e1vel por 10% da produ\u00e7\u00e3o agr\u00edcola do mundo<\/strong>, o Brasil \u00e9 o maior exportador de soja, caf\u00e9, suco de laranja e a\u00e7\u00facar, e o segundo maior exportador de milho. O pa\u00eds \u00e9 tamb\u00e9m o maior exportador de carne bovina e de frango.<\/p>\r\n\r\n\r\n\r\n<p class=\"has-drop-cap\"><strong>4.<\/strong> <strong>O Brasil tem se mostrado incans\u00e1vel na busca pela sustentabilidade da agricultura<\/strong>. A altera\u00e7\u00e3o nos padr\u00f5es do clima global, a diminui\u00e7\u00e3o de terras cultiv\u00e1veis e a baixa quantidade de \u00e1gua dispon\u00edvel no solo, fazem com que o pa\u00eds venha buscando continuamente novos procedimentos para assegurar a viabilidade e a sustentabilidade da agricultura, diminuindo o desperd\u00edcio e os impactos ao meio ambiente.<\/p>\r\n\r\n\r\n\r\n<p class=\"has-drop-cap\"><strong>5.<\/strong> <strong>A pecu\u00e1ria gera 18% das exporta\u00e7\u00f5es do agroneg\u00f3cio nacional<\/strong>. Considerada uma das principais \u00e1reas em termos de produ\u00e7\u00e3o de riqueza do pa\u00eds, a pecu\u00e1ria brasileira \u00e9 fundamental para o aumento do PIB brasileiro. Com grande demanda, do mercado interno e de outros pa\u00edses, tem produ\u00e7\u00e3o de baixo custo e a oferta de produto de alta qualidade.<\/p>\r\n\r\n\r\n\r\n<p style=\"font-size: 14px;\"><strong>Fonte:<\/strong> <a href=\"http:\/\/agrosmart.com.br\" target=\"_blank\" rel=\"noreferrer noopener\" aria-label=\"Agrosmart (abre numa nova aba)\">Agrosmart<\/a><\/p>\r\n","protected":false},"excerpt":{"rendered":"<p>Junto com a crise sanit\u00e1ria causada pela pandemia do coronav\u00edrus, que paralisa o pa\u00eds e o mundo, uma nova crise j\u00e1 se descortina com o fechamento tempor\u00e1rio de com\u00e9rcios, ind\u00fastrias e servi\u00e7os em geral: a crise econ\u00f4mica, que estimam os economistas, ser\u00e1 do mesmo patamar&#8230;<\/p>\n","protected":false},"author":1,"featured_media":2007,"comment_status":"open","ping_status":"open","sticky":false,"template":"","format":"standard","meta":{"_acf_changed":false,"footnotes":""},"categories":[206],"tags":[12,13,14,15,16,17,18,19,20,21,22,23],"class_list":["post-1830","post","type-post","status-publish","format-standard","has-post-thumbnail","hentry","category-institucional","tag-agricultura","tag-agro","tag-agronegocio","tag-brasil","tag-corona-virus","tag-covid-19","tag-crise","tag-economia","tag-meio-ambiente","tag-pecuaria","tag-pib","tag-sustentabilidade"],"acf":[],"yoast_head":"<!-- This site is optimized with the Yoast SEO plugin v27.5 - https:\/\/yoast.com\/product\/yoast-seo-wordpress\/ -->\n<title>COVID-19: for\u00e7a do agro ganha notoriedade em meio \u00e0 crise sanit\u00e1ria e econ\u00f4mica - Titan<\/title>\n<meta name=\"robots\" content=\"index, follow, max-snippet:-1, max-image-preview:large, max-video-preview:-1\" \/>\n<link rel=\"canonical\" href=\"https:\/\/www.titanlat.com\/site\/covid-19-forca-do-agro-ganha-notoriedade-em-meio-a-crise-sanitaria-e-economica\/\" \/>\n<meta property=\"og:locale\" content=\"pt_BR\" \/>\n<meta property=\"og:type\" content=\"article\" \/>\n<meta property=\"og:title\" content=\"COVID-19: for\u00e7a do agro ganha notoriedade em meio \u00e0 crise sanit\u00e1ria e econ\u00f4mica - Titan\" \/>\n<meta property=\"og:description\" content=\"Junto com a crise sanit\u00e1ria causada pela pandemia do coronav\u00edrus, que paralisa o pa\u00eds e o mundo, uma nova crise j\u00e1 se descortina com o fechamento tempor\u00e1rio de com\u00e9rcios, ind\u00fastrias e servi\u00e7os em geral: a crise econ\u00f4mica, que estimam os economistas, ser\u00e1 do mesmo patamar...\" \/>\n<meta property=\"og:url\" content=\"https:\/\/www.titanlat.com\/site\/covid-19-forca-do-agro-ganha-notoriedade-em-meio-a-crise-sanitaria-e-economica\/\" \/>\n<meta property=\"og:site_name\" content=\"Titan\" \/>\n<meta property=\"article:published_time\" content=\"2020-03-30T01:01:06+00:00\" \/>\n<meta property=\"article:modified_time\" content=\"2022-09-06T14:25:29+00:00\" \/>\n<meta property=\"og:image\" content=\"https:\/\/www.titanlat.com\/site\/wp-content\/uploads\/2020\/03\/forca_agronegocio_topo-2.jpg\" \/>\n\t<meta property=\"og:image:width\" content=\"1200\" \/>\n\t<meta property=\"og:image:height\" content=\"480\" \/>\n\t<meta property=\"og:image:type\" content=\"image\/jpeg\" \/>\n<meta name=\"author\" content=\"asdYShew2232ys@askd\" \/>\n<meta name=\"twitter:card\" content=\"summary_large_image\" \/>\n<meta name=\"twitter:label1\" content=\"Escrito por\" \/>\n\t<meta name=\"twitter:data1\" content=\"asdYShew2232ys@askd\" \/>\n\t<meta name=\"twitter:label2\" content=\"Est. tempo de leitura\" \/>\n\t<meta name=\"twitter:data2\" content=\"3 minutos\" \/>\n<script type=\"application\/ld+json\" class=\"yoast-schema-graph\">{\"@context\":\"https:\\\/\\\/schema.org\",\"@graph\":[{\"@type\":\"Article\",\"@id\":\"https:\\\/\\\/www.titanlat.com\\\/site\\\/covid-19-forca-do-agro-ganha-notoriedade-em-meio-a-crise-sanitaria-e-economica\\\/#article\",\"isPartOf\":{\"@id\":\"https:\\\/\\\/www.titanlat.com\\\/site\\\/covid-19-forca-do-agro-ganha-notoriedade-em-meio-a-crise-sanitaria-e-economica\\\/\"},\"author\":{\"name\":\"asdYShew2232ys@askd\",\"@id\":\"https:\\\/\\\/www.titanlat.com\\\/site\\\/#\\\/schema\\\/person\\\/60089ff6eea2dffab2853a5001a81449\"},\"headline\":\"COVID-19: for\u00e7a do agro ganha notoriedade em meio \u00e0 crise sanit\u00e1ria e econ\u00f4mica\",\"datePublished\":\"2020-03-30T01:01:06+00:00\",\"dateModified\":\"2022-09-06T14:25:29+00:00\",\"mainEntityOfPage\":{\"@id\":\"https:\\\/\\\/www.titanlat.com\\\/site\\\/covid-19-forca-do-agro-ganha-notoriedade-em-meio-a-crise-sanitaria-e-economica\\\/\"},\"wordCount\":630,\"commentCount\":0,\"publisher\":{\"@id\":\"https:\\\/\\\/www.titanlat.com\\\/site\\\/#organization\"},\"image\":{\"@id\":\"https:\\\/\\\/www.titanlat.com\\\/site\\\/covid-19-forca-do-agro-ganha-notoriedade-em-meio-a-crise-sanitaria-e-economica\\\/#primaryimage\"},\"thumbnailUrl\":\"https:\\\/\\\/www.titanlat.com\\\/site\\\/wp-content\\\/uploads\\\/2020\\\/03\\\/forca_agronegocio_topo-2.jpg\",\"keywords\":[\"Agricultura\",\"Agro\",\"Agroneg\u00f3cio\",\"brasil\",\"Corona V\u00edrus\",\"COVID-19\",\"Crise\",\"Economia\",\"meio ambiente\",\"Pecu\u00e1ria\",\"PIB\",\"Sustentabilidade\"],\"articleSection\":[\"Institucional\"],\"inLanguage\":\"pt-BR\",\"potentialAction\":[{\"@type\":\"CommentAction\",\"name\":\"Comment\",\"target\":[\"https:\\\/\\\/www.titanlat.com\\\/site\\\/covid-19-forca-do-agro-ganha-notoriedade-em-meio-a-crise-sanitaria-e-economica\\\/#respond\"]}]},{\"@type\":\"WebPage\",\"@id\":\"https:\\\/\\\/www.titanlat.com\\\/site\\\/covid-19-forca-do-agro-ganha-notoriedade-em-meio-a-crise-sanitaria-e-economica\\\/\",\"url\":\"https:\\\/\\\/www.titanlat.com\\\/site\\\/covid-19-forca-do-agro-ganha-notoriedade-em-meio-a-crise-sanitaria-e-economica\\\/\",\"name\":\"COVID-19: for\u00e7a do agro ganha notoriedade em meio \u00e0 crise sanit\u00e1ria e econ\u00f4mica - Titan\",\"isPartOf\":{\"@id\":\"https:\\\/\\\/www.titanlat.com\\\/site\\\/#website\"},\"primaryImageOfPage\":{\"@id\":\"https:\\\/\\\/www.titanlat.com\\\/site\\\/covid-19-forca-do-agro-ganha-notoriedade-em-meio-a-crise-sanitaria-e-economica\\\/#primaryimage\"},\"image\":{\"@id\":\"https:\\\/\\\/www.titanlat.com\\\/site\\\/covid-19-forca-do-agro-ganha-notoriedade-em-meio-a-crise-sanitaria-e-economica\\\/#primaryimage\"},\"thumbnailUrl\":\"https:\\\/\\\/www.titanlat.com\\\/site\\\/wp-content\\\/uploads\\\/2020\\\/03\\\/forca_agronegocio_topo-2.jpg\",\"datePublished\":\"2020-03-30T01:01:06+00:00\",\"dateModified\":\"2022-09-06T14:25:29+00:00\",\"breadcrumb\":{\"@id\":\"https:\\\/\\\/www.titanlat.com\\\/site\\\/covid-19-forca-do-agro-ganha-notoriedade-em-meio-a-crise-sanitaria-e-economica\\\/#breadcrumb\"},\"inLanguage\":\"pt-BR\",\"potentialAction\":[{\"@type\":\"ReadAction\",\"target\":[\"https:\\\/\\\/www.titanlat.com\\\/site\\\/covid-19-forca-do-agro-ganha-notoriedade-em-meio-a-crise-sanitaria-e-economica\\\/\"]}]},{\"@type\":\"ImageObject\",\"inLanguage\":\"pt-BR\",\"@id\":\"https:\\\/\\\/www.titanlat.com\\\/site\\\/covid-19-forca-do-agro-ganha-notoriedade-em-meio-a-crise-sanitaria-e-economica\\\/#primaryimage\",\"url\":\"https:\\\/\\\/www.titanlat.com\\\/site\\\/wp-content\\\/uploads\\\/2020\\\/03\\\/forca_agronegocio_topo-2.jpg\",\"contentUrl\":\"https:\\\/\\\/www.titanlat.com\\\/site\\\/wp-content\\\/uploads\\\/2020\\\/03\\\/forca_agronegocio_topo-2.jpg\",\"width\":1200,\"height\":480},{\"@type\":\"BreadcrumbList\",\"@id\":\"https:\\\/\\\/www.titanlat.com\\\/site\\\/covid-19-forca-do-agro-ganha-notoriedade-em-meio-a-crise-sanitaria-e-economica\\\/#breadcrumb\",\"itemListElement\":[{\"@type\":\"ListItem\",\"position\":1,\"name\":\"In\u00edcio\",\"item\":\"https:\\\/\\\/www.titanlat.com\\\/site\\\/\"},{\"@type\":\"ListItem\",\"position\":2,\"name\":\"COVID-19: for\u00e7a do agro ganha notoriedade em meio \u00e0 crise sanit\u00e1ria e econ\u00f4mica\"}]},{\"@type\":\"WebSite\",\"@id\":\"https:\\\/\\\/www.titanlat.com\\\/site\\\/#website\",\"url\":\"https:\\\/\\\/www.titanlat.com\\\/site\\\/\",\"name\":\"Titan\",\"description\":\"Site\",\"publisher\":{\"@id\":\"https:\\\/\\\/www.titanlat.com\\\/site\\\/#organization\"},\"potentialAction\":[{\"@type\":\"SearchAction\",\"target\":{\"@type\":\"EntryPoint\",\"urlTemplate\":\"https:\\\/\\\/www.titanlat.com\\\/site\\\/?s={search_term_string}\"},\"query-input\":{\"@type\":\"PropertyValueSpecification\",\"valueRequired\":true,\"valueName\":\"search_term_string\"}}],\"inLanguage\":\"pt-BR\"},{\"@type\":\"Organization\",\"@id\":\"https:\\\/\\\/www.titanlat.com\\\/site\\\/#organization\",\"name\":\"Titan\",\"url\":\"https:\\\/\\\/www.titanlat.com\\\/site\\\/\",\"logo\":{\"@type\":\"ImageObject\",\"inLanguage\":\"pt-BR\",\"@id\":\"https:\\\/\\\/www.titanlat.com\\\/site\\\/#\\\/schema\\\/logo\\\/image\\\/\",\"url\":\"https:\\\/\\\/www.titanlat.com\\\/site\\\/wp-content\\\/uploads\\\/2022\\\/03\\\/Logo_Titan.png\",\"contentUrl\":\"https:\\\/\\\/www.titanlat.com\\\/site\\\/wp-content\\\/uploads\\\/2022\\\/03\\\/Logo_Titan.png\",\"width\":246,\"height\":59,\"caption\":\"Titan\"},\"image\":{\"@id\":\"https:\\\/\\\/www.titanlat.com\\\/site\\\/#\\\/schema\\\/logo\\\/image\\\/\"},\"sameAs\":[\"https:\\\/\\\/www.instagram.com\\\/titanpneus\\\/\",\"https:\\\/\\\/www.linkedin.com\\\/company\\\/titanpneus\\\/\"]},{\"@type\":\"Person\",\"@id\":\"https:\\\/\\\/www.titanlat.com\\\/site\\\/#\\\/schema\\\/person\\\/60089ff6eea2dffab2853a5001a81449\",\"name\":\"asdYShew2232ys@askd\",\"image\":{\"@type\":\"ImageObject\",\"inLanguage\":\"pt-BR\",\"@id\":\"https:\\\/\\\/secure.gravatar.com\\\/avatar\\\/f3129b516c8c0653bb6ac44520f0266c4d16d1fb0c1e88e9253c3b783725993c?s=96&d=mm&r=g\",\"url\":\"https:\\\/\\\/secure.gravatar.com\\\/avatar\\\/f3129b516c8c0653bb6ac44520f0266c4d16d1fb0c1e88e9253c3b783725993c?s=96&d=mm&r=g\",\"contentUrl\":\"https:\\\/\\\/secure.gravatar.com\\\/avatar\\\/f3129b516c8c0653bb6ac44520f0266c4d16d1fb0c1e88e9253c3b783725993c?s=96&d=mm&r=g\",\"caption\":\"asdYShew2232ys@askd\"},\"sameAs\":[\"https:\\\/\\\/www.titanlat.com\\\/site\"],\"url\":\"https:\\\/\\\/www.titanlat.com\\\/site\\\/author\\\/asdyshew2232ysaskd\\\/\"}]}<\/script>\n<!-- \/ Yoast SEO plugin. -->","yoast_head_json":{"title":"COVID-19: for\u00e7a do agro ganha notoriedade em meio \u00e0 crise sanit\u00e1ria e econ\u00f4mica - Titan","robots":{"index":"index","follow":"follow","max-snippet":"max-snippet:-1","max-image-preview":"max-image-preview:large","max-video-preview":"max-video-preview:-1"},"canonical":"https:\/\/www.titanlat.com\/site\/covid-19-forca-do-agro-ganha-notoriedade-em-meio-a-crise-sanitaria-e-economica\/","og_locale":"pt_BR","og_type":"article","og_title":"COVID-19: for\u00e7a do agro ganha notoriedade em meio \u00e0 crise sanit\u00e1ria e econ\u00f4mica - Titan","og_description":"Junto com a crise sanit\u00e1ria causada pela pandemia do coronav\u00edrus, que paralisa o pa\u00eds e o mundo, uma nova crise j\u00e1 se descortina com o fechamento tempor\u00e1rio de com\u00e9rcios, ind\u00fastrias e servi\u00e7os em geral: a crise econ\u00f4mica, que estimam os economistas, ser\u00e1 do mesmo patamar...","og_url":"https:\/\/www.titanlat.com\/site\/covid-19-forca-do-agro-ganha-notoriedade-em-meio-a-crise-sanitaria-e-economica\/","og_site_name":"Titan","article_published_time":"2020-03-30T01:01:06+00:00","article_modified_time":"2022-09-06T14:25:29+00:00","og_image":[{"width":1200,"height":480,"url":"https:\/\/www.titanlat.com\/site\/wp-content\/uploads\/2020\/03\/forca_agronegocio_topo-2.jpg","type":"image\/jpeg"}],"author":"asdYShew2232ys@askd","twitter_card":"summary_large_image","twitter_misc":{"Escrito por":"asdYShew2232ys@askd","Est. tempo de leitura":"3 minutos"},"schema":{"@context":"https:\/\/schema.org","@graph":[{"@type":"Article","@id":"https:\/\/www.titanlat.com\/site\/covid-19-forca-do-agro-ganha-notoriedade-em-meio-a-crise-sanitaria-e-economica\/#article","isPartOf":{"@id":"https:\/\/www.titanlat.com\/site\/covid-19-forca-do-agro-ganha-notoriedade-em-meio-a-crise-sanitaria-e-economica\/"},"author":{"name":"asdYShew2232ys@askd","@id":"https:\/\/www.titanlat.com\/site\/#\/schema\/person\/60089ff6eea2dffab2853a5001a81449"},"headline":"COVID-19: for\u00e7a do agro ganha notoriedade em meio \u00e0 crise sanit\u00e1ria e econ\u00f4mica","datePublished":"2020-03-30T01:01:06+00:00","dateModified":"2022-09-06T14:25:29+00:00","mainEntityOfPage":{"@id":"https:\/\/www.titanlat.com\/site\/covid-19-forca-do-agro-ganha-notoriedade-em-meio-a-crise-sanitaria-e-economica\/"},"wordCount":630,"commentCount":0,"publisher":{"@id":"https:\/\/www.titanlat.com\/site\/#organization"},"image":{"@id":"https:\/\/www.titanlat.com\/site\/covid-19-forca-do-agro-ganha-notoriedade-em-meio-a-crise-sanitaria-e-economica\/#primaryimage"},"thumbnailUrl":"https:\/\/www.titanlat.com\/site\/wp-content\/uploads\/2020\/03\/forca_agronegocio_topo-2.jpg","keywords":["Agricultura","Agro","Agroneg\u00f3cio","brasil","Corona V\u00edrus","COVID-19","Crise","Economia","meio ambiente","Pecu\u00e1ria","PIB","Sustentabilidade"],"articleSection":["Institucional"],"inLanguage":"pt-BR","potentialAction":[{"@type":"CommentAction","name":"Comment","target":["https:\/\/www.titanlat.com\/site\/covid-19-forca-do-agro-ganha-notoriedade-em-meio-a-crise-sanitaria-e-economica\/#respond"]}]},{"@type":"WebPage","@id":"https:\/\/www.titanlat.com\/site\/covid-19-forca-do-agro-ganha-notoriedade-em-meio-a-crise-sanitaria-e-economica\/","url":"https:\/\/www.titanlat.com\/site\/covid-19-forca-do-agro-ganha-notoriedade-em-meio-a-crise-sanitaria-e-economica\/","name":"COVID-19: for\u00e7a do agro ganha notoriedade em meio \u00e0 crise sanit\u00e1ria e econ\u00f4mica - Titan","isPartOf":{"@id":"https:\/\/www.titanlat.com\/site\/#website"},"primaryImageOfPage":{"@id":"https:\/\/www.titanlat.com\/site\/covid-19-forca-do-agro-ganha-notoriedade-em-meio-a-crise-sanitaria-e-economica\/#primaryimage"},"image":{"@id":"https:\/\/www.titanlat.com\/site\/covid-19-forca-do-agro-ganha-notoriedade-em-meio-a-crise-sanitaria-e-economica\/#primaryimage"},"thumbnailUrl":"https:\/\/www.titanlat.com\/site\/wp-content\/uploads\/2020\/03\/forca_agronegocio_topo-2.jpg","datePublished":"2020-03-30T01:01:06+00:00","dateModified":"2022-09-06T14:25:29+00:00","breadcrumb":{"@id":"https:\/\/www.titanlat.com\/site\/covid-19-forca-do-agro-ganha-notoriedade-em-meio-a-crise-sanitaria-e-economica\/#breadcrumb"},"inLanguage":"pt-BR","potentialAction":[{"@type":"ReadAction","target":["https:\/\/www.titanlat.com\/site\/covid-19-forca-do-agro-ganha-notoriedade-em-meio-a-crise-sanitaria-e-economica\/"]}]},{"@type":"ImageObject","inLanguage":"pt-BR","@id":"https:\/\/www.titanlat.com\/site\/covid-19-forca-do-agro-ganha-notoriedade-em-meio-a-crise-sanitaria-e-economica\/#primaryimage","url":"https:\/\/www.titanlat.com\/site\/wp-content\/uploads\/2020\/03\/forca_agronegocio_topo-2.jpg","contentUrl":"https:\/\/www.titanlat.com\/site\/wp-content\/uploads\/2020\/03\/forca_agronegocio_topo-2.jpg","width":1200,"height":480},{"@type":"BreadcrumbList","@id":"https:\/\/www.titanlat.com\/site\/covid-19-forca-do-agro-ganha-notoriedade-em-meio-a-crise-sanitaria-e-economica\/#breadcrumb","itemListElement":[{"@type":"ListItem","position":1,"name":"In\u00edcio","item":"https:\/\/www.titanlat.com\/site\/"},{"@type":"ListItem","position":2,"name":"COVID-19: for\u00e7a do agro ganha notoriedade em meio \u00e0 crise sanit\u00e1ria e econ\u00f4mica"}]},{"@type":"WebSite","@id":"https:\/\/www.titanlat.com\/site\/#website","url":"https:\/\/www.titanlat.com\/site\/","name":"Titan","description":"Site","publisher":{"@id":"https:\/\/www.titanlat.com\/site\/#organization"},"potentialAction":[{"@type":"SearchAction","target":{"@type":"EntryPoint","urlTemplate":"https:\/\/www.titanlat.com\/site\/?s={search_term_string}"},"query-input":{"@type":"PropertyValueSpecification","valueRequired":true,"valueName":"search_term_string"}}],"inLanguage":"pt-BR"},{"@type":"Organization","@id":"https:\/\/www.titanlat.com\/site\/#organization","name":"Titan","url":"https:\/\/www.titanlat.com\/site\/","logo":{"@type":"ImageObject","inLanguage":"pt-BR","@id":"https:\/\/www.titanlat.com\/site\/#\/schema\/logo\/image\/","url":"https:\/\/www.titanlat.com\/site\/wp-content\/uploads\/2022\/03\/Logo_Titan.png","contentUrl":"https:\/\/www.titanlat.com\/site\/wp-content\/uploads\/2022\/03\/Logo_Titan.png","width":246,"height":59,"caption":"Titan"},"image":{"@id":"https:\/\/www.titanlat.com\/site\/#\/schema\/logo\/image\/"},"sameAs":["https:\/\/www.instagram.com\/titanpneus\/","https:\/\/www.linkedin.com\/company\/titanpneus\/"]},{"@type":"Person","@id":"https:\/\/www.titanlat.com\/site\/#\/schema\/person\/60089ff6eea2dffab2853a5001a81449","name":"asdYShew2232ys@askd","image":{"@type":"ImageObject","inLanguage":"pt-BR","@id":"https:\/\/secure.gravatar.com\/avatar\/f3129b516c8c0653bb6ac44520f0266c4d16d1fb0c1e88e9253c3b783725993c?s=96&d=mm&r=g","url":"https:\/\/secure.gravatar.com\/avatar\/f3129b516c8c0653bb6ac44520f0266c4d16d1fb0c1e88e9253c3b783725993c?s=96&d=mm&r=g","contentUrl":"https:\/\/secure.gravatar.com\/avatar\/f3129b516c8c0653bb6ac44520f0266c4d16d1fb0c1e88e9253c3b783725993c?s=96&d=mm&r=g","caption":"asdYShew2232ys@askd"},"sameAs":["https:\/\/www.titanlat.com\/site"],"url":"https:\/\/www.titanlat.com\/site\/author\/asdyshew2232ysaskd\/"}]}},"_links":{"self":[{"href":"https:\/\/www.titanlat.com\/site\/wp-json\/wp\/v2\/posts\/1830","targetHints":{"allow":["GET"]}}],"collection":[{"href":"https:\/\/www.titanlat.com\/site\/wp-json\/wp\/v2\/posts"}],"about":[{"href":"https:\/\/www.titanlat.com\/site\/wp-json\/wp\/v2\/types\/post"}],"author":[{"embeddable":true,"href":"https:\/\/www.titanlat.com\/site\/wp-json\/wp\/v2\/users\/1"}],"replies":[{"embeddable":true,"href":"https:\/\/www.titanlat.com\/site\/wp-json\/wp\/v2\/comments?post=1830"}],"version-history":[{"count":3,"href":"https:\/\/www.titanlat.com\/site\/wp-json\/wp\/v2\/posts\/1830\/revisions"}],"predecessor-version":[{"id":7512,"href":"https:\/\/www.titanlat.com\/site\/wp-json\/wp\/v2\/posts\/1830\/revisions\/7512"}],"wp:featuredmedia":[{"embeddable":true,"href":"https:\/\/www.titanlat.com\/site\/wp-json\/wp\/v2\/media\/2007"}],"wp:attachment":[{"href":"https:\/\/www.titanlat.com\/site\/wp-json\/wp\/v2\/media?parent=1830"}],"wp:term":[{"taxonomy":"category","embeddable":true,"href":"https:\/\/www.titanlat.com\/site\/wp-json\/wp\/v2\/categories?post=1830"},{"taxonomy":"post_tag","embeddable":true,"href":"https:\/\/www.titanlat.com\/site\/wp-json\/wp\/v2\/tags?post=1830"}],"curies":[{"name":"wp","href":"https:\/\/api.w.org\/{rel}","templated":true}]}}